{"id":144188,"date":"2026-08-30T20:35:40","date_gmt":"2026-08-30T18:35:40","guid":{"rendered":"https:\/\/asuncionactual.com\/index.php\/2026\/08\/30\/mini-top-invitada-a-importante-desfile-en-paris\/"},"modified":"2026-08-30T20:35:40","modified_gmt":"2026-08-30T18:35:40","slug":"mini-top-invitada-a-importante-desfile-en-paris","status":"publish","type":"post","link":"https:\/\/asuncionactual.com\/index.php\/2026\/08\/30\/mini-top-invitada-a-importante-desfile-en-paris\/","title":{"rendered":"Mini top invitada a importante desfile en Par\u00eds"},"content":{"rendered":"<p>La s\u00faper mini top paraguaya Luna Garrity recibi\u00f3 invitaci\u00f3n para la Semana de la Moda en Par\u00eds. La peque\u00f1a Luna Garrity, una de las s\u00faper mini top paraguayas, contin\u00faa sumando importantes oportunidades dentro del mundo de la moda y los cert\u00e1menes infantiles. En esta ocasi\u00f3n, recibi\u00f3 una invitaci\u00f3n vinculada a la Semana de la Moda en Par\u00eds, una experiencia internacional que representa un nuevo reconocimiento a su proyecci\u00f3n.<\/p>\n<p>Luna lastimosamente no podr\u00e1 asistir por temas de escolaridad, ya que en este momento sus estudios y compromisos acad\u00e9micos son prioridad.<\/p>\n<p>La mini top paraguaya sigue creciendo entre la educaci\u00f3n, la moda, el arte y los cert\u00e1menes, con nuevas oportunidades que contin\u00faan llegando desde el exterior.<\/p>\n\n<p><img fetchpriority=\"high\" decoding=\"async\" class=\"alignnone  wp-image-356641\" src=\"https:\/\/popular2.nyc3.cdn.digitaloceanspaces.com\/wp-content\/uploads\/2026\/08\/30153445\/WhatsApp-Image-2026-08-30-at-15.33.41-210x300.jpeg\" alt=\"\" width=\"326\" height=\"466\" srcset=\"https:\/\/popular2.nyc3.cdn.digitaloceanspaces.com\/wp-content\/uploads\/2026\/08\/30153445\/WhatsApp-Image-2026-08-30-at-15.33.41-210x300.jpeg 210w, https:\/\/popular2.nyc3.cdn.digitaloceanspaces.com\/wp-content\/uploads\/2026\/08\/30153445\/WhatsApp-Image-2026-08-30-at-15.33.41-718x1024.jpeg 718w, https:\/\/popular2.nyc3.cdn.digitaloceanspaces.com\/wp-content\/uploads\/2026\/08\/30153445\/WhatsApp-Image-2026-08-30-at-15.33.41-768x1095.jpeg 768w, https:\/\/popular2.nyc3.cdn.digitaloceanspaces.com\/wp-content\/uploads\/2026\/08\/30153445\/WhatsApp-Image-2026-08-30-at-15.33.41-1077x1536.jpeg 1077w, https:\/\/popular2.nyc3.cdn.digitaloceanspaces.com\/wp-content\/uploads\/2026\/08\/30153445\/WhatsApp-Image-2026-08-30-at-15.33.41.jpeg 1122w\" sizes=\"(max-width: 326px) 100vw, 326px\" \/><\/p>\n<p>La entrada <a rel=\"nofollow\" href=\"https:\/\/www.popular.com.py\/2026\/08\/30\/mini-top-invitada-a-importante-desfile-en-paris\/\">Mini top invitada a importante desfile en Par\u00eds<\/a> se public\u00f3 primero en <a rel=\"nofollow\" href=\"https:\/\/www.popular.com.py\/\">Popular<\/a>.<\/p>\n<p>\u00a0La s\u00faper mini top paraguaya Luna Garrity recibi\u00f3 invitaci\u00f3n para la Semana de la Moda en Par\u00eds. La peque\u00f1a Luna Garrity, una de las s\u00faper mini top paraguayas, contin\u00faa sumando importantes oportunidades dentro del mundo de la moda y los cert\u00e1menes infantiles. En esta ocasi\u00f3n, recibi\u00f3 una invitaci\u00f3n vinculada a la Semana de la Moda<br \/>\nLa entrada Mini top invitada a importante desfile en Par\u00eds se public\u00f3 primero en Popular.\u00a0\u00a0<\/p>\n<p>La causa judicial por violencia de g\u00e9nero que tiene a N\u00e9stor Ortigoza imputado por agredir a su exdo\u00f1a Lucila Cassiau se encamina a juicio oral: a dos a\u00f1os de la denuncia que dio inicio al expediente, la Justicia dio por finalizada la investigaci\u00f3n que estaba a cargo de la UFI N\u00b03 de Ezeiza para avanzar a la siguiente etapa.<\/p>\n<p>La resoluci\u00f3n fue emitida d\u00edas despu\u00e9s de que la fiscal recibiera un escrito del exdirigente de San Lorenzo, quien fue citado a indagatoria acusado por da\u00f1o y lesiones leves, se neg\u00f3 a declarar ante la funcionaria y adelant\u00f3 que presentar\u00eda un descargo m\u00e1s adelante. Lo hizo la semana pasada.<\/p>\n<p>Ortigoza he\u2019i que los episodios de violencia denunciados por su ex (on quien convivi\u00f3 10 a\u00f1os y tiene dos hijos), la cuestion\u00f3 por tener demasiada vida social y asegur\u00f3 que los videos donde se lo ve pegarle en su casa est\u00e1n editados. Sobre \u00e9l, dijo que es buen padre.<\/p>\n<p>\u201cNunca ejerc\u00ed violencia f\u00edsica contra Lucila Cassiau ni contra ninguna otra mujer. No la golpe\u00e9, no la empuj\u00e9, no le provoqu\u00e9 lesi\u00f3n alguna\u201d, asegur\u00f3 el exfutbolista en el documento que present\u00f3 a las autoridades.<\/p>\n<p>Adem\u00e1s, insisti\u00f3 en que la acusaci\u00f3n en su contra est\u00e1 influenciada por la \u201cexposici\u00f3n televisiva\u201d impulsada por la denunciante. \u201cLa investigaci\u00f3n penal no puede funcionar como prolongaci\u00f3n de una campa\u00f1a medi\u00e1tica que busca destruir mi buen nombre y honor, ganados a fuerza de trabajo y profesionalismo,\u201d expres\u00f3 Ortigoza en el escrito donde reclam\u00f3 objetividad.<\/p>\n<p>\u201cLas im\u00e1genes que muestran las filmaci\u00f3n difundidas por la denunciante son un recorte editado y tendencioso que omiten la escalada de la problem\u00e1tica, y exponen a Cassiau provocadora, fuera de s\u00ed, agredi\u00e9ndome verbalmente a m\u00ed y a Federico (hijo), que le reclamaba por su ausencia. Tales im\u00e1genes se obtuvieron solo parcialmente, de alg\u00fan dispositivo del domicilio, aunque es necesario obtenerlo en su totalidad y versi\u00f3n original. Existen secuencias que la denunciante escondi\u00f3 y pretende seguir haci\u00e9ndolo\u201d.<\/p>\n<p>Ortigoza explic\u00f3 que la secuencia de ese video comenz\u00f3 cuando su hijo lloraba por la supuesta ausencia de su madre en la casa y que \u00e9l solo quiso calmar la situaci\u00f3n. Sin embargo, dijo que cuando intervino ya era tarde porque la denuncia contra \u00e9l \u201cya estaba orquestada\u201d.<\/p>\n<p>\u201cLos falsos videos aportados eliminan o suprimen deliberadamente las razones que originan esos contextos de escasos segundos manipulados y editados que se observan en lo que acompa\u00f1\u00f3 Cassiau. Tampoco muestran actos de violencia capaz de provocar lesi\u00f3n o da\u00f1os como se me achac\u00f3 injustamente y pretendiendo una indebida inversi\u00f3n de la carga de la prueba. La ausencia de lesi\u00f3n no es una afirmaci\u00f3n ret\u00f3rica. La constancia sanitaria confeccionada no refleja lesi\u00f3n corporal\u201d, sigui\u00f3 en su descargo.<\/p>\n<p>En el escrito tambi\u00e9n cita extensamente a tres mujeres que trabajaron como ni\u00f1eras y empleadas dom\u00e9sticas en la casa familiar. Ellas, seg\u00fan el descargo, declararon que nunca observaron actos de violencia de Ortigoza hacia Lucila Cassiau ni hacia sus hijos, afirmaban que ela se ausentaba mucho de la casa y destacaban que \u00e9l era \u201cmuy buen padre\u201d.<\/p>\n<p>\u00a0Far\u00e1ndula<\/p>","protected":false},"excerpt":{"rendered":"<p>La s\u00faper mini top paraguaya Luna Garrity recibi\u00f3 invitaci\u00f3n para la Semana de la Moda en Par\u00eds. La peque\u00f1a Luna Garrity, una de las s\u00faper mini top paraguayas, contin\u00faa sumando importantes oportunidades dentro del mundo de la moda y los cert\u00e1menes infantiles. En esta ocasi\u00f3n, recibi\u00f3 una invitaci\u00f3n vinculada a la Semana de la Moda [&hellip;]<\/p>\n","protected":false},"author":1,"featured_media":144184,"comment_status":"open","ping_status":"open","sticky":false,"template":"","format":"standard","meta":{"footnotes":""},"categories":[39],"tags":[],"class_list":["post-144188","post","type-post","status-publish","format-standard","has-post-thumbnail","hentry","category-entretenimiento"],"yoast_head":"<!-- This site is optimized with the Yoast SEO plugin v28.3 - https:\/\/yoast.com\/product\/yoast-seo-wordpress\/ -->\n<title>Mini top invitada a importante desfile en Par\u00eds - asuncionactual<\/title>\n<meta name=\"robots\" content=\"index, follow, max-snippet:-1, max-image-preview:large, max-video-preview:-1\" \/>\n<link rel=\"canonical\" href=\"https:\/\/asuncionactual.com\/index.php\/2026\/08\/30\/mini-top-invitada-a-importante-desfile-en-paris\/\" \/>\n<meta property=\"og:locale\" content=\"es_ES\" \/>\n<meta property=\"og:type\" content=\"article\" \/>\n<meta property=\"og:title\" content=\"Mini top invitada a importante desfile en Par\u00eds - asuncionactual\" \/>\n<meta property=\"og:description\" content=\"La s\u00faper mini top paraguaya Luna Garrity recibi\u00f3 invitaci\u00f3n para la Semana de la Moda en Par\u00eds. La peque\u00f1a Luna Garrity, una de las s\u00faper mini top paraguayas, contin\u00faa sumando importantes oportunidades dentro del mundo de la moda y los cert\u00e1menes infantiles. En esta ocasi\u00f3n, recibi\u00f3 una invitaci\u00f3n vinculada a la Semana de la Moda [&hellip;]\" \/>\n<meta property=\"og:url\" content=\"https:\/\/asuncionactual.com\/index.php\/2026\/08\/30\/mini-top-invitada-a-importante-desfile-en-paris\/\" \/>\n<meta property=\"og:site_name\" content=\"asuncionactual\" \/>\n<meta property=\"article:published_time\" content=\"2026-08-30T18:35:40+00:00\" \/>\n<meta name=\"author\" content=\"info@asuncionactual.com\" \/>\n<meta name=\"twitter:card\" content=\"summary_large_image\" \/>\n<meta name=\"twitter:label1\" content=\"Escrito por\" \/>\n\t<meta name=\"twitter:data1\" content=\"info@asuncionactual.com\" \/>\n\t<meta name=\"twitter:label2\" content=\"Tiempo de lectura\" \/>\n\t<meta name=\"twitter:data2\" content=\"4 minutos\" \/>\n<script type=\"application\/ld+json\" class=\"yoast-schema-graph\">{\"@context\":\"https:\\\/\\\/schema.org\",\"@graph\":[{\"@type\":\"Article\",\"@id\":\"https:\\\/\\\/asuncionactual.com\\\/index.php\\\/2026\\\/08\\\/30\\\/mini-top-invitada-a-importante-desfile-en-paris\\\/#article\",\"isPartOf\":{\"@id\":\"https:\\\/\\\/asuncionactual.com\\\/index.php\\\/2026\\\/08\\\/30\\\/mini-top-invitada-a-importante-desfile-en-paris\\\/\"},\"author\":{\"name\":\"info@asuncionactual.com\",\"@id\":\"https:\\\/\\\/asuncionactual.com\\\/#\\\/schema\\\/person\\\/15cb68076e092d035f0f3cdfdfba5497\"},\"headline\":\"Mini top invitada a importante desfile en Par\u00eds\",\"datePublished\":\"2026-08-30T18:35:40+00:00\",\"mainEntityOfPage\":{\"@id\":\"https:\\\/\\\/asuncionactual.com\\\/index.php\\\/2026\\\/08\\\/30\\\/mini-top-invitada-a-importante-desfile-en-paris\\\/\"},\"wordCount\":780,\"commentCount\":0,\"publisher\":{\"@id\":\"https:\\\/\\\/asuncionactual.com\\\/#organization\"},\"image\":{\"@id\":\"https:\\\/\\\/asuncionactual.com\\\/index.php\\\/2026\\\/08\\\/30\\\/mini-top-invitada-a-importante-desfile-en-paris\\\/#primaryimage\"},\"thumbnailUrl\":\"https:\\\/\\\/asuncionactual.com\\\/wp-content\\\/uploads\\\/2026\\\/08\\\/WhatsApp-Image-2026-08-30-at-15.33.41-210x300-EA0AEC.jpg\",\"articleSection\":[\"Entretenimiento\"],\"inLanguage\":\"es\",\"potentialAction\":[{\"@type\":\"CommentAction\",\"name\":\"Comment\",\"target\":[\"https:\\\/\\\/asuncionactual.com\\\/index.php\\\/2026\\\/08\\\/30\\\/mini-top-invitada-a-importante-desfile-en-paris\\\/#respond\"]}]},{\"@type\":\"WebPage\",\"@id\":\"https:\\\/\\\/asuncionactual.com\\\/index.php\\\/2026\\\/08\\\/30\\\/mini-top-invitada-a-importante-desfile-en-paris\\\/\",\"url\":\"https:\\\/\\\/asuncionactual.com\\\/index.php\\\/2026\\\/08\\\/30\\\/mini-top-invitada-a-importante-desfile-en-paris\\\/\",\"name\":\"Mini top invitada a importante desfile en Par\u00eds - asuncionactual\",\"isPartOf\":{\"@id\":\"https:\\\/\\\/asuncionactual.com\\\/#website\"},\"primaryImageOfPage\":{\"@id\":\"https:\\\/\\\/asuncionactual.com\\\/index.php\\\/2026\\\/08\\\/30\\\/mini-top-invitada-a-importante-desfile-en-paris\\\/#primaryimage\"},\"image\":{\"@id\":\"https:\\\/\\\/asuncionactual.com\\\/index.php\\\/2026\\\/08\\\/30\\\/mini-top-invitada-a-importante-desfile-en-paris\\\/#primaryimage\"},\"thumbnailUrl\":\"https:\\\/\\\/asuncionactual.com\\\/wp-content\\\/uploads\\\/2026\\\/08\\\/WhatsApp-Image-2026-08-30-at-15.33.41-210x300-EA0AEC.jpg\",\"datePublished\":\"2026-08-30T18:35:40+00:00\",\"breadcrumb\":{\"@id\":\"https:\\\/\\\/asuncionactual.com\\\/index.php\\\/2026\\\/08\\\/30\\\/mini-top-invitada-a-importante-desfile-en-paris\\\/#breadcrumb\"},\"inLanguage\":\"es\",\"potentialAction\":[{\"@type\":\"ReadAction\",\"target\":[\"https:\\\/\\\/asuncionactual.com\\\/index.php\\\/2026\\\/08\\\/30\\\/mini-top-invitada-a-importante-desfile-en-paris\\\/\"]}]},{\"@type\":\"ImageObject\",\"inLanguage\":\"es\",\"@id\":\"https:\\\/\\\/asuncionactual.com\\\/index.php\\\/2026\\\/08\\\/30\\\/mini-top-invitada-a-importante-desfile-en-paris\\\/#primaryimage\",\"url\":\"https:\\\/\\\/asuncionactual.com\\\/wp-content\\\/uploads\\\/2026\\\/08\\\/WhatsApp-Image-2026-08-30-at-15.33.41-210x300-EA0AEC.jpg\",\"contentUrl\":\"https:\\\/\\\/asuncionactual.com\\\/wp-content\\\/uploads\\\/2026\\\/08\\\/WhatsApp-Image-2026-08-30-at-15.33.41-210x300-EA0AEC.jpg\",\"width\":210,\"height\":300},{\"@type\":\"BreadcrumbList\",\"@id\":\"https:\\\/\\\/asuncionactual.com\\\/index.php\\\/2026\\\/08\\\/30\\\/mini-top-invitada-a-importante-desfile-en-paris\\\/#breadcrumb\",\"itemListElement\":[{\"@type\":\"ListItem\",\"position\":1,\"name\":\"Portada\",\"item\":\"https:\\\/\\\/asuncionactual.com\\\/\"},{\"@type\":\"ListItem\",\"position\":2,\"name\":\"Mini top invitada a importante desfile en Par\u00eds\"}]},{\"@type\":\"WebSite\",\"@id\":\"https:\\\/\\\/asuncionactual.com\\\/#website\",\"url\":\"https:\\\/\\\/asuncionactual.com\\\/\",\"name\":\"asuncionactual\",\"description\":\"Asunci\u00f3nActual es un peri\u00f3dico digital que te ofrece noticias, informaci\u00f3n y entretenimiento relevantes para los residentes y visitantes de Asunci\u00f3n, Paraguay. Nuestro equipo de periodistas apasionados te trae las \u00faltimas novedades sobre pol\u00edtica, econom\u00eda, negocios, cultura, deportes y m\u00e1s\",\"publisher\":{\"@id\":\"https:\\\/\\\/asuncionactual.com\\\/#organization\"},\"potentialAction\":[{\"@type\":\"SearchAction\",\"target\":{\"@type\":\"EntryPoint\",\"urlTemplate\":\"https:\\\/\\\/asuncionactual.com\\\/?s={search_term_string}\"},\"query-input\":{\"@type\":\"PropertyValueSpecification\",\"valueRequired\":true,\"valueName\":\"search_term_string\"}}],\"inLanguage\":\"es\"},{\"@type\":\"Organization\",\"@id\":\"https:\\\/\\\/asuncionactual.com\\\/#organization\",\"name\":\"asuncionactual\",\"url\":\"https:\\\/\\\/asuncionactual.com\\\/\",\"logo\":{\"@type\":\"ImageObject\",\"inLanguage\":\"es\",\"@id\":\"https:\\\/\\\/asuncionactual.com\\\/#\\\/schema\\\/logo\\\/image\\\/\",\"url\":\"https:\\\/\\\/asuncionactual.com\\\/wp-content\\\/uploads\\\/2024\\\/06\\\/58-AsuncionActual.png\",\"contentUrl\":\"https:\\\/\\\/asuncionactual.com\\\/wp-content\\\/uploads\\\/2024\\\/06\\\/58-AsuncionActual.png\",\"width\":1190,\"height\":229,\"caption\":\"asuncionactual\"},\"image\":{\"@id\":\"https:\\\/\\\/asuncionactual.com\\\/#\\\/schema\\\/logo\\\/image\\\/\"}},{\"@type\":\"Person\",\"@id\":\"https:\\\/\\\/asuncionactual.com\\\/#\\\/schema\\\/person\\\/15cb68076e092d035f0f3cdfdfba5497\",\"name\":\"info@asuncionactual.com\",\"image\":{\"@type\":\"ImageObject\",\"inLanguage\":\"es\",\"@id\":\"https:\\\/\\\/secure.gravatar.com\\\/avatar\\\/6b1308c398abbb1e027645e0647929405fa3294bb2c890bb7386eeee1a1907ab?s=96&d=mm&r=g\",\"url\":\"https:\\\/\\\/secure.gravatar.com\\\/avatar\\\/6b1308c398abbb1e027645e0647929405fa3294bb2c890bb7386eeee1a1907ab?s=96&d=mm&r=g\",\"contentUrl\":\"https:\\\/\\\/secure.gravatar.com\\\/avatar\\\/6b1308c398abbb1e027645e0647929405fa3294bb2c890bb7386eeee1a1907ab?s=96&d=mm&r=g\",\"caption\":\"info@asuncionactual.com\"},\"sameAs\":[\"http:\\\/\\\/asuncionactual.com\"],\"url\":\"https:\\\/\\\/asuncionactual.com\\\/index.php\\\/author\\\/infoasuncionactual-com\\\/\"}]}<\/script>\n<!-- \/ Yoast SEO plugin. -->","yoast_head_json":{"title":"Mini top invitada a importante desfile en Par\u00eds - asuncionactual","robots":{"index":"index","follow":"follow","max-snippet":"max-snippet:-1","max-image-preview":"max-image-preview:large","max-video-preview":"max-video-preview:-1"},"canonical":"https:\/\/asuncionactual.com\/index.php\/2026\/08\/30\/mini-top-invitada-a-importante-desfile-en-paris\/","og_locale":"es_ES","og_type":"article","og_title":"Mini top invitada a importante desfile en Par\u00eds - asuncionactual","og_description":"La s\u00faper mini top paraguaya Luna Garrity recibi\u00f3 invitaci\u00f3n para la Semana de la Moda en Par\u00eds. La peque\u00f1a Luna Garrity, una de las s\u00faper mini top paraguayas, contin\u00faa sumando importantes oportunidades dentro del mundo de la moda y los cert\u00e1menes infantiles. En esta ocasi\u00f3n, recibi\u00f3 una invitaci\u00f3n vinculada a la Semana de la Moda [&hellip;]","og_url":"https:\/\/asuncionactual.com\/index.php\/2026\/08\/30\/mini-top-invitada-a-importante-desfile-en-paris\/","og_site_name":"asuncionactual","article_published_time":"2026-08-30T18:35:40+00:00","author":"info@asuncionactual.com","twitter_card":"summary_large_image","twitter_misc":{"Escrito por":"info@asuncionactual.com","Tiempo de lectura":"4 minutos"},"schema":{"@context":"https:\/\/schema.org","@graph":[{"@type":"Article","@id":"https:\/\/asuncionactual.com\/index.php\/2026\/08\/30\/mini-top-invitada-a-importante-desfile-en-paris\/#article","isPartOf":{"@id":"https:\/\/asuncionactual.com\/index.php\/2026\/08\/30\/mini-top-invitada-a-importante-desfile-en-paris\/"},"author":{"name":"info@asuncionactual.com","@id":"https:\/\/asuncionactual.com\/#\/schema\/person\/15cb68076e092d035f0f3cdfdfba5497"},"headline":"Mini top invitada a importante desfile en Par\u00eds","datePublished":"2026-08-30T18:35:40+00:00","mainEntityOfPage":{"@id":"https:\/\/asuncionactual.com\/index.php\/2026\/08\/30\/mini-top-invitada-a-importante-desfile-en-paris\/"},"wordCount":780,"commentCount":0,"publisher":{"@id":"https:\/\/asuncionactual.com\/#organization"},"image":{"@id":"https:\/\/asuncionactual.com\/index.php\/2026\/08\/30\/mini-top-invitada-a-importante-desfile-en-paris\/#primaryimage"},"thumbnailUrl":"https:\/\/asuncionactual.com\/wp-content\/uploads\/2026\/08\/WhatsApp-Image-2026-08-30-at-15.33.41-210x300-EA0AEC.jpg","articleSection":["Entretenimiento"],"inLanguage":"es","potentialAction":[{"@type":"CommentAction","name":"Comment","target":["https:\/\/asuncionactual.com\/index.php\/2026\/08\/30\/mini-top-invitada-a-importante-desfile-en-paris\/#respond"]}]},{"@type":"WebPage","@id":"https:\/\/asuncionactual.com\/index.php\/2026\/08\/30\/mini-top-invitada-a-importante-desfile-en-paris\/","url":"https:\/\/asuncionactual.com\/index.php\/2026\/08\/30\/mini-top-invitada-a-importante-desfile-en-paris\/","name":"Mini top invitada a importante desfile en Par\u00eds - asuncionactual","isPartOf":{"@id":"https:\/\/asuncionactual.com\/#website"},"primaryImageOfPage":{"@id":"https:\/\/asuncionactual.com\/index.php\/2026\/08\/30\/mini-top-invitada-a-importante-desfile-en-paris\/#primaryimage"},"image":{"@id":"https:\/\/asuncionactual.com\/index.php\/2026\/08\/30\/mini-top-invitada-a-importante-desfile-en-paris\/#primaryimage"},"thumbnailUrl":"https:\/\/asuncionactual.com\/wp-content\/uploads\/2026\/08\/WhatsApp-Image-2026-08-30-at-15.33.41-210x300-EA0AEC.jpg","datePublished":"2026-08-30T18:35:40+00:00","breadcrumb":{"@id":"https:\/\/asuncionactual.com\/index.php\/2026\/08\/30\/mini-top-invitada-a-importante-desfile-en-paris\/#breadcrumb"},"inLanguage":"es","potentialAction":[{"@type":"ReadAction","target":["https:\/\/asuncionactual.com\/index.php\/2026\/08\/30\/mini-top-invitada-a-importante-desfile-en-paris\/"]}]},{"@type":"ImageObject","inLanguage":"es","@id":"https:\/\/asuncionactual.com\/index.php\/2026\/08\/30\/mini-top-invitada-a-importante-desfile-en-paris\/#primaryimage","url":"https:\/\/asuncionactual.com\/wp-content\/uploads\/2026\/08\/WhatsApp-Image-2026-08-30-at-15.33.41-210x300-EA0AEC.jpg","contentUrl":"https:\/\/asuncionactual.com\/wp-content\/uploads\/2026\/08\/WhatsApp-Image-2026-08-30-at-15.33.41-210x300-EA0AEC.jpg","width":210,"height":300},{"@type":"BreadcrumbList","@id":"https:\/\/asuncionactual.com\/index.php\/2026\/08\/30\/mini-top-invitada-a-importante-desfile-en-paris\/#breadcrumb","itemListElement":[{"@type":"ListItem","position":1,"name":"Portada","item":"https:\/\/asuncionactual.com\/"},{"@type":"ListItem","position":2,"name":"Mini top invitada a importante desfile en Par\u00eds"}]},{"@type":"WebSite","@id":"https:\/\/asuncionactual.com\/#website","url":"https:\/\/asuncionactual.com\/","name":"asuncionactual","description":"Asunci\u00f3nActual es un peri\u00f3dico digital que te ofrece noticias, informaci\u00f3n y entretenimiento relevantes para los residentes y visitantes de Asunci\u00f3n, Paraguay. Nuestro equipo de periodistas apasionados te trae las \u00faltimas novedades sobre pol\u00edtica, econom\u00eda, negocios, cultura, deportes y m\u00e1s","publisher":{"@id":"https:\/\/asuncionactual.com\/#organization"},"potentialAction":[{"@type":"SearchAction","target":{"@type":"EntryPoint","urlTemplate":"https:\/\/asuncionactual.com\/?s={search_term_string}"},"query-input":{"@type":"PropertyValueSpecification","valueRequired":true,"valueName":"search_term_string"}}],"inLanguage":"es"},{"@type":"Organization","@id":"https:\/\/asuncionactual.com\/#organization","name":"asuncionactual","url":"https:\/\/asuncionactual.com\/","logo":{"@type":"ImageObject","inLanguage":"es","@id":"https:\/\/asuncionactual.com\/#\/schema\/logo\/image\/","url":"https:\/\/asuncionactual.com\/wp-content\/uploads\/2024\/06\/58-AsuncionActual.png","contentUrl":"https:\/\/asuncionactual.com\/wp-content\/uploads\/2024\/06\/58-AsuncionActual.png","width":1190,"height":229,"caption":"asuncionactual"},"image":{"@id":"https:\/\/asuncionactual.com\/#\/schema\/logo\/image\/"}},{"@type":"Person","@id":"https:\/\/asuncionactual.com\/#\/schema\/person\/15cb68076e092d035f0f3cdfdfba5497","name":"info@asuncionactual.com","image":{"@type":"ImageObject","inLanguage":"es","@id":"https:\/\/secure.gravatar.com\/avatar\/6b1308c398abbb1e027645e0647929405fa3294bb2c890bb7386eeee1a1907ab?s=96&d=mm&r=g","url":"https:\/\/secure.gravatar.com\/avatar\/6b1308c398abbb1e027645e0647929405fa3294bb2c890bb7386eeee1a1907ab?s=96&d=mm&r=g","contentUrl":"https:\/\/secure.gravatar.com\/avatar\/6b1308c398abbb1e027645e0647929405fa3294bb2c890bb7386eeee1a1907ab?s=96&d=mm&r=g","caption":"info@asuncionactual.com"},"sameAs":["http:\/\/asuncionactual.com"],"url":"https:\/\/asuncionactual.com\/index.php\/author\/infoasuncionactual-com\/"}]}},"_links":{"self":[{"href":"https:\/\/asuncionactual.com\/index.php\/wp-json\/wp\/v2\/posts\/144188","targetHints":{"allow":["GET"]}}],"collection":[{"href":"https:\/\/asuncionactual.com\/index.php\/wp-json\/wp\/v2\/posts"}],"about":[{"href":"https:\/\/asuncionactual.com\/index.php\/wp-json\/wp\/v2\/types\/post"}],"author":[{"embeddable":true,"href":"https:\/\/asuncionactual.com\/index.php\/wp-json\/wp\/v2\/users\/1"}],"replies":[{"embeddable":true,"href":"https:\/\/asuncionactual.com\/index.php\/wp-json\/wp\/v2\/comments?post=144188"}],"version-history":[{"count":0,"href":"https:\/\/asuncionactual.com\/index.php\/wp-json\/wp\/v2\/posts\/144188\/revisions"}],"wp:featuredmedia":[{"embeddable":true,"href":"https:\/\/asuncionactual.com\/index.php\/wp-json\/wp\/v2\/media\/144184"}],"wp:attachment":[{"href":"https:\/\/asuncionactual.com\/index.php\/wp-json\/wp\/v2\/media?parent=144188"}],"wp:term":[{"taxonomy":"category","embeddable":true,"href":"https:\/\/asuncionactual.com\/index.php\/wp-json\/wp\/v2\/categories?post=144188"},{"taxonomy":"post_tag","embeddable":true,"href":"https:\/\/asuncionactual.com\/index.php\/wp-json\/wp\/v2\/tags?post=144188"}],"curies":[{"name":"wp","href":"https:\/\/api.w.org\/{rel}","templated":true}]}}