{"id":144132,"date":"2026-08-30T14:09:35","date_gmt":"2026-08-30T12:09:35","guid":{"rendered":"https:\/\/asuncionactual.com\/index.php\/2026\/08\/30\/video-mira-que-famoso-cantante-nacional-se-volvio-copiloto-en-rally-mundial\/"},"modified":"2026-08-30T14:09:35","modified_gmt":"2026-08-30T12:09:35","slug":"video-mira-que-famoso-cantante-nacional-se-volvio-copiloto-en-rally-mundial","status":"publish","type":"post","link":"https:\/\/asuncionactual.com\/index.php\/2026\/08\/30\/video-mira-que-famoso-cantante-nacional-se-volvio-copiloto-en-rally-mundial\/","title":{"rendered":"(VIDEO) \u00a1Mir\u00e1 qu\u00e9 famoso cantante nacional se volvi\u00f3 copiloto en rally mundial!"},"content":{"rendered":"<p>\u00a1Ma\u00f1ami! Los cantantes de los Kchiporros viajaron hasta Encarnaci\u00f3n para participar de una manera especial del Mundial de Rally. Hablamos de Roberto \u201cChirola\u201d Ruiz D\u00edaz y Julio Troche quienes estuvieron dando vueltas a toda velocidad en un auto de carrera.<\/p>\n<p>\u201cMe sub\u00ed al Rally 1 de Josh McErlean \u00a0en el mejor rally del mundo\u201d, dijo el l\u00edder de los Kchis que se puso todo el uniforme y el caso para dar unas vueltas al circuito encarnaceno.<\/p>\n<p>\u201cGracias por la incre\u00edble experiencia\u201d, agreg\u00f3 el cantante quien se mostr\u00f3 seguro pese a ir a toda velocidad. \u00a1Mir\u00e1 c\u00f3mo lo hizo!<\/p>\n<div class=\"wp-video\"><video class=\"wp-video-shortcode\" width=\"640\" height=\"1138\" preload=\"none\" controls=\"controls\"><a href=\"https:\/\/popular2.nyc3.cdn.digitaloceanspaces.com\/wp-content\/uploads\/2026\/08\/30013516\/chirolakch.mp4\">https:\/\/popular2.nyc3.cdn.digitaloceanspaces.com\/wp-content\/uploads\/2026\/08\/30013516\/chirolakch.mp4<\/a><\/video><\/div>\n<p>La entrada <a rel=\"nofollow\" href=\"https:\/\/www.popular.com.py\/2026\/08\/30\/video-mira-que-famoso-cantante-nacional-se-volvio-copiloto-en-rally-mundial\/\">(VIDEO) \u00a1Mir\u00e1 qu\u00e9 famoso cantante nacional se volvi\u00f3 copiloto en rally mundial!<\/a> se public\u00f3 primero en <a rel=\"nofollow\" href=\"https:\/\/www.popular.com.py\/\">Popular<\/a>.<\/p>\n<p>\u00a0\u00a1Ma\u00f1ami! Los cantantes de los Kchiporros viajaron hasta Encarnaci\u00f3n para participar de una manera especial del Mundial de Rally. Hablamos de Roberto \u201cChirola\u201d Ruiz D\u00edaz y Julio Troche quienes estuvieron dando vueltas a toda velocidad en un auto de carrera. \u201cMe sub\u00ed al Rally 1 de Josh McErlean \u00a0en el mejor rally del mundo\u201d, dijo<br \/>\nLa entrada (VIDEO) \u00a1Mir\u00e1 qu\u00e9 famoso cantante nacional se volvi\u00f3 copiloto en rally mundial! se public\u00f3 primero en Popular.\u00a0\u00a0<\/p>\n<p>El cantante kurepa Pity \u00c1lvarez vuelve a estar en l\u00edos por el juicio por el asesinato de Cristian D\u00edaz.<\/p>\n<p>A pocas semanas del inicio del proceso, el m\u00fasico brind\u00f3 una entrevista en la que se refiri\u00f3 a su situaci\u00f3n y explic\u00f3, a su manera, c\u00f3mo atraviesa este momento.<\/p>\n<p>Sus declaraciones llegan despu\u00e9s de sus primeras apariciones ante el Tribunal Oral en lo Criminal y Correccional N\u00b0 29, donde hab\u00eda pronunciado apenas algunas palabras y su actitud hab\u00eda generado especial atenci\u00f3n.<\/p>\n<p>Esta vez, frente a las preguntas de la periodista Florencia Rodr\u00edguez, \u00c1lvarez habl\u00f3 con mayor extensi\u00f3n y dej\u00f3 una serie de definiciones sobre el juicio, la acusaci\u00f3n que enfrenta y lo que espera que ocurra con la causa.<\/p>\n<p>Una de las preguntas apunt\u00f3 directamente a su comprensi\u00f3n del proceso judicial. Rodr\u00edguez quiso saber si el m\u00fasico entiende qu\u00e9 est\u00e1 sucediendo y si es consciente de la situaci\u00f3n que atraviesa.<\/p>\n<p>La respuesta de Pity fue contundente, aunque tambi\u00e9n reflej\u00f3 su particular percepci\u00f3n sobre el momento actual.<\/p>\n<p>\u201cNo s\u00e9 bien lo que est\u00e1 pasando, supuestamente me est\u00e1n juzgando por algo que comet\u00ed y acepto eso y me hago cargo\u201d, afirm\u00f3.<\/p>\n<p>De esta manera, \u00c1lvarez reconoci\u00f3 la acusaci\u00f3n que enfrenta y manifest\u00f3 que asume responsabilidad por el hecho por el que est\u00e1 siendo juzgado.<\/p>\n<p>Sus palabras se conocen mientras avanzan las audiencias de un proceso que volvi\u00f3 a poner el caso de Cristian D\u00edaz en el centro de la escena judicial.<\/p>\n<p>Durante la entrevista, el m\u00fasico tambi\u00e9n se refiri\u00f3 al tiempo transcurrido desde el hecho y a c\u00f3mo interpreta su situaci\u00f3n actual.<\/p>\n<p>\u00c1lvarez sostuvo que considera que ya cumpli\u00f3 una parte de la condena vinculada con lo ocurrido y afirm\u00f3 que, de alguna manera, contin\u00faa pagando por ello.<\/p>\n<p>\u201cYo creo que ya lo pagu\u00e9 eso y lo estoy pagando, nada m\u00e1s que eso\u201d, expres\u00f3.<\/p>\n<p>La definici\u00f3n se suma a sus declaraciones sobre la acusaci\u00f3n y muestra c\u00f3mo el propio m\u00fasico interpreta el momento que atraviesa mientras la Justicia contin\u00faa con el proceso.<\/p>\n\n<p><a href=\"https:\/\/popular2.nyc3.cdn.digitaloceanspaces.com\/wp-content\/uploads\/2026\/08\/29024605\/ig_cadenaderadios94.5_DchaIlTRVR8_001_video.mp4\">https:\/\/popular2.nyc3.cdn.digitaloceanspaces.com\/wp-content\/uploads\/2026\/08\/29024605\/ig_cadenaderadios94.5_DchaIlTRVR8_001_video.mp4<\/a>\u00a0Far\u00e1ndula<\/p>","protected":false},"excerpt":{"rendered":"<p>\u00a1Ma\u00f1ami! Los cantantes de los Kchiporros viajaron hasta Encarnaci\u00f3n para participar de una manera especial del Mundial de Rally. Hablamos de Roberto \u201cChirola\u201d Ruiz D\u00edaz y Julio Troche quienes estuvieron dando vueltas a toda velocidad en un auto de carrera. \u201cMe sub\u00ed al Rally 1 de Josh McErlean \u00a0en el mejor rally del mundo\u201d, dijo [&hellip;]<\/p>\n","protected":false},"author":1,"featured_media":144086,"comment_status":"open","ping_status":"open","sticky":false,"template":"","format":"standard","meta":{"footnotes":""},"categories":[39],"tags":[],"class_list":["post-144132","post","type-post","status-publish","format-standard","has-post-thumbnail","hentry","category-entretenimiento"],"yoast_head":"<!-- This site is optimized with the Yoast SEO plugin v28.3 - https:\/\/yoast.com\/product\/yoast-seo-wordpress\/ -->\n<title>(VIDEO) \u00a1Mir\u00e1 qu\u00e9 famoso cantante nacional se volvi\u00f3 copiloto en rally mundial! - asuncionactual<\/title>\n<meta name=\"robots\" content=\"index, follow, max-snippet:-1, max-image-preview:large, max-video-preview:-1\" \/>\n<link rel=\"canonical\" href=\"https:\/\/asuncionactual.com\/index.php\/2026\/08\/30\/video-mira-que-famoso-cantante-nacional-se-volvio-copiloto-en-rally-mundial\/\" \/>\n<meta property=\"og:locale\" content=\"es_ES\" \/>\n<meta property=\"og:type\" content=\"article\" \/>\n<meta property=\"og:title\" content=\"(VIDEO) \u00a1Mir\u00e1 qu\u00e9 famoso cantante nacional se volvi\u00f3 copiloto en rally mundial! - asuncionactual\" \/>\n<meta property=\"og:description\" content=\"\u00a1Ma\u00f1ami! Los cantantes de los Kchiporros viajaron hasta Encarnaci\u00f3n para participar de una manera especial del Mundial de Rally. Hablamos de Roberto \u201cChirola\u201d Ruiz D\u00edaz y Julio Troche quienes estuvieron dando vueltas a toda velocidad en un auto de carrera. \u201cMe sub\u00ed al Rally 1 de Josh McErlean \u00a0en el mejor rally del mundo\u201d, dijo [&hellip;]\" \/>\n<meta property=\"og:url\" content=\"https:\/\/asuncionactual.com\/index.php\/2026\/08\/30\/video-mira-que-famoso-cantante-nacional-se-volvio-copiloto-en-rally-mundial\/\" \/>\n<meta property=\"og:site_name\" content=\"asuncionactual\" \/>\n<meta property=\"article:published_time\" content=\"2026-08-30T12:09:35+00:00\" \/>\n<meta name=\"author\" content=\"info@asuncionactual.com\" \/>\n<meta name=\"twitter:card\" content=\"summary_large_image\" \/>\n<meta name=\"twitter:label1\" content=\"Escrito por\" \/>\n\t<meta name=\"twitter:data1\" content=\"info@asuncionactual.com\" \/>\n\t<meta name=\"twitter:label2\" content=\"Tiempo de lectura\" \/>\n\t<meta name=\"twitter:data2\" content=\"3 minutos\" \/>\n<script type=\"application\/ld+json\" class=\"yoast-schema-graph\">{\"@context\":\"https:\\\/\\\/schema.org\",\"@graph\":[{\"@type\":\"Article\",\"@id\":\"https:\\\/\\\/asuncionactual.com\\\/index.php\\\/2026\\\/08\\\/30\\\/video-mira-que-famoso-cantante-nacional-se-volvio-copiloto-en-rally-mundial\\\/#article\",\"isPartOf\":{\"@id\":\"https:\\\/\\\/asuncionactual.com\\\/index.php\\\/2026\\\/08\\\/30\\\/video-mira-que-famoso-cantante-nacional-se-volvio-copiloto-en-rally-mundial\\\/\"},\"author\":{\"name\":\"info@asuncionactual.com\",\"@id\":\"https:\\\/\\\/asuncionactual.com\\\/#\\\/schema\\\/person\\\/15cb68076e092d035f0f3cdfdfba5497\"},\"headline\":\"(VIDEO) \u00a1Mir\u00e1 qu\u00e9 famoso cantante nacional se volvi\u00f3 copiloto en rally mundial!\",\"datePublished\":\"2026-08-30T12:09:35+00:00\",\"mainEntityOfPage\":{\"@id\":\"https:\\\/\\\/asuncionactual.com\\\/index.php\\\/2026\\\/08\\\/30\\\/video-mira-que-famoso-cantante-nacional-se-volvio-copiloto-en-rally-mundial\\\/\"},\"wordCount\":595,\"commentCount\":0,\"publisher\":{\"@id\":\"https:\\\/\\\/asuncionactual.com\\\/#organization\"},\"image\":{\"@id\":\"https:\\\/\\\/asuncionactual.com\\\/index.php\\\/2026\\\/08\\\/30\\\/video-mira-que-famoso-cantante-nacional-se-volvio-copiloto-en-rally-mundial\\\/#primaryimage\"},\"thumbnailUrl\":\"https:\\\/\\\/asuncionactual.com\\\/wp-content\\\/uploads\\\/2026\\\/08\\\/New-Phototastic-Collage-25-scaled-hqhE5t.jpg\",\"articleSection\":[\"Entretenimiento\"],\"inLanguage\":\"es\",\"potentialAction\":[{\"@type\":\"CommentAction\",\"name\":\"Comment\",\"target\":[\"https:\\\/\\\/asuncionactual.com\\\/index.php\\\/2026\\\/08\\\/30\\\/video-mira-que-famoso-cantante-nacional-se-volvio-copiloto-en-rally-mundial\\\/#respond\"]}]},{\"@type\":\"WebPage\",\"@id\":\"https:\\\/\\\/asuncionactual.com\\\/index.php\\\/2026\\\/08\\\/30\\\/video-mira-que-famoso-cantante-nacional-se-volvio-copiloto-en-rally-mundial\\\/\",\"url\":\"https:\\\/\\\/asuncionactual.com\\\/index.php\\\/2026\\\/08\\\/30\\\/video-mira-que-famoso-cantante-nacional-se-volvio-copiloto-en-rally-mundial\\\/\",\"name\":\"(VIDEO) \u00a1Mir\u00e1 qu\u00e9 famoso cantante nacional se volvi\u00f3 copiloto en rally mundial! - asuncionactual\",\"isPartOf\":{\"@id\":\"https:\\\/\\\/asuncionactual.com\\\/#website\"},\"primaryImageOfPage\":{\"@id\":\"https:\\\/\\\/asuncionactual.com\\\/index.php\\\/2026\\\/08\\\/30\\\/video-mira-que-famoso-cantante-nacional-se-volvio-copiloto-en-rally-mundial\\\/#primaryimage\"},\"image\":{\"@id\":\"https:\\\/\\\/asuncionactual.com\\\/index.php\\\/2026\\\/08\\\/30\\\/video-mira-que-famoso-cantante-nacional-se-volvio-copiloto-en-rally-mundial\\\/#primaryimage\"},\"thumbnailUrl\":\"https:\\\/\\\/asuncionactual.com\\\/wp-content\\\/uploads\\\/2026\\\/08\\\/New-Phototastic-Collage-25-scaled-hqhE5t.jpg\",\"datePublished\":\"2026-08-30T12:09:35+00:00\",\"breadcrumb\":{\"@id\":\"https:\\\/\\\/asuncionactual.com\\\/index.php\\\/2026\\\/08\\\/30\\\/video-mira-que-famoso-cantante-nacional-se-volvio-copiloto-en-rally-mundial\\\/#breadcrumb\"},\"inLanguage\":\"es\",\"potentialAction\":[{\"@type\":\"ReadAction\",\"target\":[\"https:\\\/\\\/asuncionactual.com\\\/index.php\\\/2026\\\/08\\\/30\\\/video-mira-que-famoso-cantante-nacional-se-volvio-copiloto-en-rally-mundial\\\/\"]}]},{\"@type\":\"ImageObject\",\"inLanguage\":\"es\",\"@id\":\"https:\\\/\\\/asuncionactual.com\\\/index.php\\\/2026\\\/08\\\/30\\\/video-mira-que-famoso-cantante-nacional-se-volvio-copiloto-en-rally-mundial\\\/#primaryimage\",\"url\":\"https:\\\/\\\/asuncionactual.com\\\/wp-content\\\/uploads\\\/2026\\\/08\\\/New-Phototastic-Collage-25-scaled-hqhE5t.jpg\",\"contentUrl\":\"https:\\\/\\\/asuncionactual.com\\\/wp-content\\\/uploads\\\/2026\\\/08\\\/New-Phototastic-Collage-25-scaled-hqhE5t.jpg\",\"width\":2560,\"height\":1421},{\"@type\":\"BreadcrumbList\",\"@id\":\"https:\\\/\\\/asuncionactual.com\\\/index.php\\\/2026\\\/08\\\/30\\\/video-mira-que-famoso-cantante-nacional-se-volvio-copiloto-en-rally-mundial\\\/#breadcrumb\",\"itemListElement\":[{\"@type\":\"ListItem\",\"position\":1,\"name\":\"Portada\",\"item\":\"https:\\\/\\\/asuncionactual.com\\\/\"},{\"@type\":\"ListItem\",\"position\":2,\"name\":\"(VIDEO) \u00a1Mir\u00e1 qu\u00e9 famoso cantante nacional se volvi\u00f3 copiloto en rally mundial!\"}]},{\"@type\":\"WebSite\",\"@id\":\"https:\\\/\\\/asuncionactual.com\\\/#website\",\"url\":\"https:\\\/\\\/asuncionactual.com\\\/\",\"name\":\"asuncionactual\",\"description\":\"Asunci\u00f3nActual es un peri\u00f3dico digital que te ofrece noticias, informaci\u00f3n y entretenimiento relevantes para los residentes y visitantes de Asunci\u00f3n, Paraguay. Nuestro equipo de periodistas apasionados te trae las \u00faltimas novedades sobre pol\u00edtica, econom\u00eda, negocios, cultura, deportes y m\u00e1s\",\"publisher\":{\"@id\":\"https:\\\/\\\/asuncionactual.com\\\/#organization\"},\"potentialAction\":[{\"@type\":\"SearchAction\",\"target\":{\"@type\":\"EntryPoint\",\"urlTemplate\":\"https:\\\/\\\/asuncionactual.com\\\/?s={search_term_string}\"},\"query-input\":{\"@type\":\"PropertyValueSpecification\",\"valueRequired\":true,\"valueName\":\"search_term_string\"}}],\"inLanguage\":\"es\"},{\"@type\":\"Organization\",\"@id\":\"https:\\\/\\\/asuncionactual.com\\\/#organization\",\"name\":\"asuncionactual\",\"url\":\"https:\\\/\\\/asuncionactual.com\\\/\",\"logo\":{\"@type\":\"ImageObject\",\"inLanguage\":\"es\",\"@id\":\"https:\\\/\\\/asuncionactual.com\\\/#\\\/schema\\\/logo\\\/image\\\/\",\"url\":\"https:\\\/\\\/asuncionactual.com\\\/wp-content\\\/uploads\\\/2024\\\/06\\\/58-AsuncionActual.png\",\"contentUrl\":\"https:\\\/\\\/asuncionactual.com\\\/wp-content\\\/uploads\\\/2024\\\/06\\\/58-AsuncionActual.png\",\"width\":1190,\"height\":229,\"caption\":\"asuncionactual\"},\"image\":{\"@id\":\"https:\\\/\\\/asuncionactual.com\\\/#\\\/schema\\\/logo\\\/image\\\/\"}},{\"@type\":\"Person\",\"@id\":\"https:\\\/\\\/asuncionactual.com\\\/#\\\/schema\\\/person\\\/15cb68076e092d035f0f3cdfdfba5497\",\"name\":\"info@asuncionactual.com\",\"image\":{\"@type\":\"ImageObject\",\"inLanguage\":\"es\",\"@id\":\"https:\\\/\\\/secure.gravatar.com\\\/avatar\\\/6b1308c398abbb1e027645e0647929405fa3294bb2c890bb7386eeee1a1907ab?s=96&d=mm&r=g\",\"url\":\"https:\\\/\\\/secure.gravatar.com\\\/avatar\\\/6b1308c398abbb1e027645e0647929405fa3294bb2c890bb7386eeee1a1907ab?s=96&d=mm&r=g\",\"contentUrl\":\"https:\\\/\\\/secure.gravatar.com\\\/avatar\\\/6b1308c398abbb1e027645e0647929405fa3294bb2c890bb7386eeee1a1907ab?s=96&d=mm&r=g\",\"caption\":\"info@asuncionactual.com\"},\"sameAs\":[\"http:\\\/\\\/asuncionactual.com\"],\"url\":\"https:\\\/\\\/asuncionactual.com\\\/index.php\\\/author\\\/infoasuncionactual-com\\\/\"}]}<\/script>\n<!-- \/ Yoast SEO plugin. -->","yoast_head_json":{"title":"(VIDEO) \u00a1Mir\u00e1 qu\u00e9 famoso cantante nacional se volvi\u00f3 copiloto en rally mundial! - asuncionactual","robots":{"index":"index","follow":"follow","max-snippet":"max-snippet:-1","max-image-preview":"max-image-preview:large","max-video-preview":"max-video-preview:-1"},"canonical":"https:\/\/asuncionactual.com\/index.php\/2026\/08\/30\/video-mira-que-famoso-cantante-nacional-se-volvio-copiloto-en-rally-mundial\/","og_locale":"es_ES","og_type":"article","og_title":"(VIDEO) \u00a1Mir\u00e1 qu\u00e9 famoso cantante nacional se volvi\u00f3 copiloto en rally mundial! - asuncionactual","og_description":"\u00a1Ma\u00f1ami! Los cantantes de los Kchiporros viajaron hasta Encarnaci\u00f3n para participar de una manera especial del Mundial de Rally. Hablamos de Roberto \u201cChirola\u201d Ruiz D\u00edaz y Julio Troche quienes estuvieron dando vueltas a toda velocidad en un auto de carrera. \u201cMe sub\u00ed al Rally 1 de Josh McErlean \u00a0en el mejor rally del mundo\u201d, dijo [&hellip;]","og_url":"https:\/\/asuncionactual.com\/index.php\/2026\/08\/30\/video-mira-que-famoso-cantante-nacional-se-volvio-copiloto-en-rally-mundial\/","og_site_name":"asuncionactual","article_published_time":"2026-08-30T12:09:35+00:00","author":"info@asuncionactual.com","twitter_card":"summary_large_image","twitter_misc":{"Escrito por":"info@asuncionactual.com","Tiempo de lectura":"3 minutos"},"schema":{"@context":"https:\/\/schema.org","@graph":[{"@type":"Article","@id":"https:\/\/asuncionactual.com\/index.php\/2026\/08\/30\/video-mira-que-famoso-cantante-nacional-se-volvio-copiloto-en-rally-mundial\/#article","isPartOf":{"@id":"https:\/\/asuncionactual.com\/index.php\/2026\/08\/30\/video-mira-que-famoso-cantante-nacional-se-volvio-copiloto-en-rally-mundial\/"},"author":{"name":"info@asuncionactual.com","@id":"https:\/\/asuncionactual.com\/#\/schema\/person\/15cb68076e092d035f0f3cdfdfba5497"},"headline":"(VIDEO) \u00a1Mir\u00e1 qu\u00e9 famoso cantante nacional se volvi\u00f3 copiloto en rally mundial!","datePublished":"2026-08-30T12:09:35+00:00","mainEntityOfPage":{"@id":"https:\/\/asuncionactual.com\/index.php\/2026\/08\/30\/video-mira-que-famoso-cantante-nacional-se-volvio-copiloto-en-rally-mundial\/"},"wordCount":595,"commentCount":0,"publisher":{"@id":"https:\/\/asuncionactual.com\/#organization"},"image":{"@id":"https:\/\/asuncionactual.com\/index.php\/2026\/08\/30\/video-mira-que-famoso-cantante-nacional-se-volvio-copiloto-en-rally-mundial\/#primaryimage"},"thumbnailUrl":"https:\/\/asuncionactual.com\/wp-content\/uploads\/2026\/08\/New-Phototastic-Collage-25-scaled-hqhE5t.jpg","articleSection":["Entretenimiento"],"inLanguage":"es","potentialAction":[{"@type":"CommentAction","name":"Comment","target":["https:\/\/asuncionactual.com\/index.php\/2026\/08\/30\/video-mira-que-famoso-cantante-nacional-se-volvio-copiloto-en-rally-mundial\/#respond"]}]},{"@type":"WebPage","@id":"https:\/\/asuncionactual.com\/index.php\/2026\/08\/30\/video-mira-que-famoso-cantante-nacional-se-volvio-copiloto-en-rally-mundial\/","url":"https:\/\/asuncionactual.com\/index.php\/2026\/08\/30\/video-mira-que-famoso-cantante-nacional-se-volvio-copiloto-en-rally-mundial\/","name":"(VIDEO) \u00a1Mir\u00e1 qu\u00e9 famoso cantante nacional se volvi\u00f3 copiloto en rally mundial! - asuncionactual","isPartOf":{"@id":"https:\/\/asuncionactual.com\/#website"},"primaryImageOfPage":{"@id":"https:\/\/asuncionactual.com\/index.php\/2026\/08\/30\/video-mira-que-famoso-cantante-nacional-se-volvio-copiloto-en-rally-mundial\/#primaryimage"},"image":{"@id":"https:\/\/asuncionactual.com\/index.php\/2026\/08\/30\/video-mira-que-famoso-cantante-nacional-se-volvio-copiloto-en-rally-mundial\/#primaryimage"},"thumbnailUrl":"https:\/\/asuncionactual.com\/wp-content\/uploads\/2026\/08\/New-Phototastic-Collage-25-scaled-hqhE5t.jpg","datePublished":"2026-08-30T12:09:35+00:00","breadcrumb":{"@id":"https:\/\/asuncionactual.com\/index.php\/2026\/08\/30\/video-mira-que-famoso-cantante-nacional-se-volvio-copiloto-en-rally-mundial\/#breadcrumb"},"inLanguage":"es","potentialAction":[{"@type":"ReadAction","target":["https:\/\/asuncionactual.com\/index.php\/2026\/08\/30\/video-mira-que-famoso-cantante-nacional-se-volvio-copiloto-en-rally-mundial\/"]}]},{"@type":"ImageObject","inLanguage":"es","@id":"https:\/\/asuncionactual.com\/index.php\/2026\/08\/30\/video-mira-que-famoso-cantante-nacional-se-volvio-copiloto-en-rally-mundial\/#primaryimage","url":"https:\/\/asuncionactual.com\/wp-content\/uploads\/2026\/08\/New-Phototastic-Collage-25-scaled-hqhE5t.jpg","contentUrl":"https:\/\/asuncionactual.com\/wp-content\/uploads\/2026\/08\/New-Phototastic-Collage-25-scaled-hqhE5t.jpg","width":2560,"height":1421},{"@type":"BreadcrumbList","@id":"https:\/\/asuncionactual.com\/index.php\/2026\/08\/30\/video-mira-que-famoso-cantante-nacional-se-volvio-copiloto-en-rally-mundial\/#breadcrumb","itemListElement":[{"@type":"ListItem","position":1,"name":"Portada","item":"https:\/\/asuncionactual.com\/"},{"@type":"ListItem","position":2,"name":"(VIDEO) \u00a1Mir\u00e1 qu\u00e9 famoso cantante nacional se volvi\u00f3 copiloto en rally mundial!"}]},{"@type":"WebSite","@id":"https:\/\/asuncionactual.com\/#website","url":"https:\/\/asuncionactual.com\/","name":"asuncionactual","description":"Asunci\u00f3nActual es un peri\u00f3dico digital que te ofrece noticias, informaci\u00f3n y entretenimiento relevantes para los residentes y visitantes de Asunci\u00f3n, Paraguay. Nuestro equipo de periodistas apasionados te trae las \u00faltimas novedades sobre pol\u00edtica, econom\u00eda, negocios, cultura, deportes y m\u00e1s","publisher":{"@id":"https:\/\/asuncionactual.com\/#organization"},"potentialAction":[{"@type":"SearchAction","target":{"@type":"EntryPoint","urlTemplate":"https:\/\/asuncionactual.com\/?s={search_term_string}"},"query-input":{"@type":"PropertyValueSpecification","valueRequired":true,"valueName":"search_term_string"}}],"inLanguage":"es"},{"@type":"Organization","@id":"https:\/\/asuncionactual.com\/#organization","name":"asuncionactual","url":"https:\/\/asuncionactual.com\/","logo":{"@type":"ImageObject","inLanguage":"es","@id":"https:\/\/asuncionactual.com\/#\/schema\/logo\/image\/","url":"https:\/\/asuncionactual.com\/wp-content\/uploads\/2024\/06\/58-AsuncionActual.png","contentUrl":"https:\/\/asuncionactual.com\/wp-content\/uploads\/2024\/06\/58-AsuncionActual.png","width":1190,"height":229,"caption":"asuncionactual"},"image":{"@id":"https:\/\/asuncionactual.com\/#\/schema\/logo\/image\/"}},{"@type":"Person","@id":"https:\/\/asuncionactual.com\/#\/schema\/person\/15cb68076e092d035f0f3cdfdfba5497","name":"info@asuncionactual.com","image":{"@type":"ImageObject","inLanguage":"es","@id":"https:\/\/secure.gravatar.com\/avatar\/6b1308c398abbb1e027645e0647929405fa3294bb2c890bb7386eeee1a1907ab?s=96&d=mm&r=g","url":"https:\/\/secure.gravatar.com\/avatar\/6b1308c398abbb1e027645e0647929405fa3294bb2c890bb7386eeee1a1907ab?s=96&d=mm&r=g","contentUrl":"https:\/\/secure.gravatar.com\/avatar\/6b1308c398abbb1e027645e0647929405fa3294bb2c890bb7386eeee1a1907ab?s=96&d=mm&r=g","caption":"info@asuncionactual.com"},"sameAs":["http:\/\/asuncionactual.com"],"url":"https:\/\/asuncionactual.com\/index.php\/author\/infoasuncionactual-com\/"}]}},"_links":{"self":[{"href":"https:\/\/asuncionactual.com\/index.php\/wp-json\/wp\/v2\/posts\/144132","targetHints":{"allow":["GET"]}}],"collection":[{"href":"https:\/\/asuncionactual.com\/index.php\/wp-json\/wp\/v2\/posts"}],"about":[{"href":"https:\/\/asuncionactual.com\/index.php\/wp-json\/wp\/v2\/types\/post"}],"author":[{"embeddable":true,"href":"https:\/\/asuncionactual.com\/index.php\/wp-json\/wp\/v2\/users\/1"}],"replies":[{"embeddable":true,"href":"https:\/\/asuncionactual.com\/index.php\/wp-json\/wp\/v2\/comments?post=144132"}],"version-history":[{"count":0,"href":"https:\/\/asuncionactual.com\/index.php\/wp-json\/wp\/v2\/posts\/144132\/revisions"}],"wp:featuredmedia":[{"embeddable":true,"href":"https:\/\/asuncionactual.com\/index.php\/wp-json\/wp\/v2\/media\/144086"}],"wp:attachment":[{"href":"https:\/\/asuncionactual.com\/index.php\/wp-json\/wp\/v2\/media?parent=144132"}],"wp:term":[{"taxonomy":"category","embeddable":true,"href":"https:\/\/asuncionactual.com\/index.php\/wp-json\/wp\/v2\/categories?post=144132"},{"taxonomy":"post_tag","embeddable":true,"href":"https:\/\/asuncionactual.com\/index.php\/wp-json\/wp\/v2\/tags?post=144132"}],"curies":[{"name":"wp","href":"https:\/\/api.w.org\/{rel}","templated":true}]}}